{"id":3968,"date":"2025-05-17T15:17:09","date_gmt":"2025-05-17T13:17:09","guid":{"rendered":"https:\/\/ussacyclo.fr\/?p=3968"},"modified":"2025-05-17T15:55:52","modified_gmt":"2025-05-17T13:55:52","slug":"sortie-club-26-avril-2025","status":"publish","type":"post","link":"https:\/\/ussacyclo.fr\/?p=3968","title":{"rendered":"Sortie club 26 avril 2025"},"content":{"rendered":"\n<p class=\"has-text-align-center has-large-font-size\" style=\"font-style:normal;font-weight:600\">Randonn\u00e9e de 225 kms <\/p>\n\n\n\n<p class=\"has-text-align-center has-medium-font-size\" style=\"font-style:normal;font-weight:700\">5<\/p>\n\n\n\n<p class=\"has-text-align-center has-medium-font-size\" style=\"font-style:normal;font-weight:700\">participants pour cette aventure.<\/p>\n\n\n\n<p class=\"has-text-align-center has-large-font-size\" style=\"font-style:normal;font-weight:600\"> St Arnoult  &lt;&#8212;&#8212;&gt;  Jargeau<\/p>\n\n\n<div class=\"wp-block-image\">\n<figure class=\"alignleft size-full is-resized\"><a href=\"https:\/\/ussacyclo.fr\/wp-content\/uploads\/2025\/05\/image.png\"><img loading=\"lazy\" decoding=\"async\" width=\"436\" height=\"679\" src=\"https:\/\/ussacyclo.fr\/wp-content\/uploads\/2025\/05\/image.png\" alt=\"\" class=\"wp-image-3969\" style=\"width:396px;height:auto\" srcset=\"https:\/\/ussacyclo.fr\/wp-content\/uploads\/2025\/05\/image.png 436w, https:\/\/ussacyclo.fr\/wp-content\/uploads\/2025\/05\/image-193x300.png 193w, https:\/\/ussacyclo.fr\/wp-content\/uploads\/2025\/05\/image-231x360.png 231w\" sizes=\"auto, (max-width: 436px) 100vw, 436px\" \/><\/a><\/figure>\n<\/div>\n\n\n<p class=\"has-text-align-center has-medium-font-size\" style=\"font-style:normal;font-weight:700\">(Elisa, Jean-Louis, Renaud, Ja\u00efck et Philippe) accompagn\u00e9 par notre chauffeur Didier gr\u00e2ce \u00e0 qui cette journ\u00e9e fut particuli\u00e8rement r\u00e9ussie.<\/p>\n\n\n\n<p class=\"has-text-align-center\" style=\"font-style:normal;font-weight:500\"><br>D\u00e9part donc de la mairie \u00e0 7h00 p\u00e9tante sous une temp\u00e9rature tr\u00e8s fraiche. S\u00e9bastien nous rejoindra sur la route apr\u00e8s quelques kms et restera avec nous les premiers 90kms pour ensuite rentrer \u00e0 St Arnoult via Orl\u00e9ans et Etampes (soit environ 225 kms).<\/p>\n\n\n\n<p><\/p>\n\n\n\n<p><\/p>\n\n\n\n<p><\/p>\n\n\n\n<p class=\"has-text-align-center\">***************************<\/p>\n\n\n\n<p class=\"has-text-align-center has-medium-font-size\">Le premier arr\u00eat pr\u00e9vu \u00e0 Patay au km 70 o\u00f9 on arrive rapidement gr\u00e2ce au vent plut\u00f4t favorable. <\/p>\n\n\n\n<p class=\"has-text-align-center\">**************<\/p>\n\n\n\n<p class=\"has-text-align-center has-medium-font-size\">Le prochain arr\u00eat au km 125, pr\u00e9vu \u00e0 Muides-sur-Loire, sera la pause m\u00e9ridienne.<\/p>\n\n\n\n<figure class=\"wp-block-image size-large\"><a href=\"https:\/\/ussacyclo.fr\/wp-content\/uploads\/2025\/05\/image-3.png\"><img loading=\"lazy\" decoding=\"async\" width=\"1024\" height=\"576\" src=\"https:\/\/ussacyclo.fr\/wp-content\/uploads\/2025\/05\/image-3-1024x576.png\" alt=\"\" class=\"wp-image-3978\" srcset=\"https:\/\/ussacyclo.fr\/wp-content\/uploads\/2025\/05\/image-3-1024x576.png 1024w, https:\/\/ussacyclo.fr\/wp-content\/uploads\/2025\/05\/image-3-300x169.png 300w, https:\/\/ussacyclo.fr\/wp-content\/uploads\/2025\/05\/image-3-768x432.png 768w, https:\/\/ussacyclo.fr\/wp-content\/uploads\/2025\/05\/image-3-1536x864.png 1536w, https:\/\/ussacyclo.fr\/wp-content\/uploads\/2025\/05\/image-3-640x360.png 640w, https:\/\/ussacyclo.fr\/wp-content\/uploads\/2025\/05\/image-3.png 1600w\" sizes=\"auto, (max-width: 1024px) 100vw, 1024px\" \/><\/a><\/figure>\n\n\n\n<p><\/p>\n\n\n\n<p class=\"has-text-align-center has-medium-font-size\">Apr\u00e8s le repas et le plein des bidons direction Chambord et son Ch\u00e2teau.<\/p>\n\n\n\n<p><\/p>\n\n\n\n<figure class=\"wp-block-image size-large\"><a href=\"https:\/\/ussacyclo.fr\/wp-content\/uploads\/2025\/05\/image-2.png\"><img loading=\"lazy\" decoding=\"async\" width=\"1024\" height=\"461\" src=\"https:\/\/ussacyclo.fr\/wp-content\/uploads\/2025\/05\/image-2-1024x461.png\" alt=\"\" class=\"wp-image-3972\" srcset=\"https:\/\/ussacyclo.fr\/wp-content\/uploads\/2025\/05\/image-2-1024x461.png 1024w, https:\/\/ussacyclo.fr\/wp-content\/uploads\/2025\/05\/image-2-300x135.png 300w, https:\/\/ussacyclo.fr\/wp-content\/uploads\/2025\/05\/image-2-768x346.png 768w, https:\/\/ussacyclo.fr\/wp-content\/uploads\/2025\/05\/image-2-799x360.png 799w, https:\/\/ussacyclo.fr\/wp-content\/uploads\/2025\/05\/image-2.png 1519w\" sizes=\"auto, (max-width: 1024px) 100vw, 1024px\" \/><\/a><\/figure>\n\n\n\n<p class=\"has-text-align-center has-medium-font-size\">Le temps d\u2019une photo et s\u2019est reparti. Le vent devient maintenant moins sympathique et le restera jusque l\u2019arriv\u00e9e. Il est pr\u00e9vu encore deux arr\u00eats avant Jargeau. A Neung-sur-Beuvron, ou l\u2019on retrouve Didier avec plaisir, le poids des km commence \u00e0 se faire sentir. Cet arr\u00eat fait vraiment du bien au moral et aux corps qui commencent \u00e0 se raidir.<\/p>\n\n\n\n<p class=\"has-text-align-center has-medium-font-size\">Arrive enfin Marcilly-en-Villette la derni\u00e8re halte. Apr\u00e8s quelques \u00e9tirements et, le moral \u00e0 bloc, c\u2019est reparti pour les 15 derniers kms.<\/p>\n\n\n\n<p class=\"has-text-align-center has-medium-font-size\">Et c\u2019est Jargeau qui se pr\u00e9sente \u00e0 nous vers 17h30. Le temps de ranger les v\u00e9los et Didier nous ram\u00e8ne \u00e0 St Arnoult.<\/p>\n\n\n\n<p class=\"has-text-align-center has-medium-font-size\">Au final, une super randonn\u00e9e de 225 km avec un D+ de 760m. M\u00eamesi au fil des kilom\u00e8tres la fatigue prenait le dessus, la bonne humeur ne s\u2019est pas d\u00e9mentie tout au long de la journ\u00e9e.<\/p>\n\n\n\n<p><\/p>\n","protected":false},"excerpt":{"rendered":"<p>Randonn\u00e9e de 225 kms 5 participants pour cette aventure. St Arnoult &lt;&#8212;&#8212;&gt; Jargeau (Elisa, Jean-Louis, Renaud, Ja\u00efck et Philippe) accompagn\u00e9 par notre chauffeur Didier gr\u00e2ce \u00e0 qui cette journ\u00e9e fut particuli\u00e8rement r\u00e9ussie. D\u00e9part donc de la mairie \u00e0 7h00 p\u00e9tante&hellip;  <\/p>\n<p class=\"more-link\"><a href=\"https:\/\/ussacyclo.fr\/?p=3968\">Lire la suite <span class=\"meta-nav\">&rarr;<\/span><\/a><\/p>\n","protected":false},"author":164,"featured_media":0,"comment_status":"closed","ping_status":"open","sticky":false,"template":"","format":"standard","meta":{"footnotes":""},"categories":[2],"tags":[],"class_list":["post-3968","post","type-post","status-publish","format-standard","hentry","category-generale"],"_links":{"self":[{"href":"https:\/\/ussacyclo.fr\/index.php?rest_route=\/wp\/v2\/posts\/3968","targetHints":{"allow":["GET"]}}],"collection":[{"href":"https:\/\/ussacyclo.fr\/index.php?rest_route=\/wp\/v2\/posts"}],"about":[{"href":"https:\/\/ussacyclo.fr\/index.php?rest_route=\/wp\/v2\/types\/post"}],"author":[{"embeddable":true,"href":"https:\/\/ussacyclo.fr\/index.php?rest_route=\/wp\/v2\/users\/164"}],"replies":[{"embeddable":true,"href":"https:\/\/ussacyclo.fr\/index.php?rest_route=%2Fwp%2Fv2%2Fcomments&post=3968"}],"version-history":[{"count":20,"href":"https:\/\/ussacyclo.fr\/index.php?rest_route=\/wp\/v2\/posts\/3968\/revisions"}],"predecessor-version":[{"id":4003,"href":"https:\/\/ussacyclo.fr\/index.php?rest_route=\/wp\/v2\/posts\/3968\/revisions\/4003"}],"wp:attachment":[{"href":"https:\/\/ussacyclo.fr\/index.php?rest_route=%2Fwp%2Fv2%2Fmedia&parent=3968"}],"wp:term":[{"taxonomy":"category","embeddable":true,"href":"https:\/\/ussacyclo.fr\/index.php?rest_route=%2Fwp%2Fv2%2Fcategories&post=3968"},{"taxonomy":"post_tag","embeddable":true,"href":"https:\/\/ussacyclo.fr\/index.php?rest_route=%2Fwp%2Fv2%2Ftags&post=3968"}],"curies":[{"name":"wp","href":"https:\/\/api.w.org\/{rel}","templated":true}]}}